{"id":13982,"date":"2025-11-17T10:20:00","date_gmt":"2025-11-17T09:20:00","guid":{"rendered":"https:\/\/spotlight-musicals.de\/?p=13982"},"modified":"2026-04-02T14:29:48","modified_gmt":"2026-04-02T13:29:48","slug":"childrens-casting-of-the-mold-riders","status":"publish","type":"post","link":"https:\/\/spotlight-musicals.de\/en\/kindercasting-der-schimmelreiter\/","title":{"rendered":"Children's casting \u201eDer Schimmelreiter\u201c"},"content":{"rendered":"\n<p>F\u00fcr die Weltpremiere von <a href=\"https:\/\/spotlight-musicals.de\/musicals\/der-schimmelreiter\/\">&#8222;Der Schimmelreiter &#8211; Das Mystery-Musical&#8220;<\/a> werden Jungen und M\u00e4dchen gesucht, die beim Musicalsommer Fulda 2026 Theaterluft schnuppern m\u00f6chten.<\/p>\n\n\n\n<p><strong><mark style=\"background-color:rgba(0, 0, 0, 0)\" class=\"has-inline-color has-ast-global-color-0-color\"><em>Rolle Hauke Haien als Kind<\/em><\/mark><\/strong><\/p>\n\n\n\n<p><em>Jungen und M\u00e4dchen, 11-14 Jahre, bis zu 1,65 m<\/em><\/p>\n\n\n\n<p><em>Sprechrolle mit Gesangspart<\/em><\/p>\n\n\n\n<p><strong><mark style=\"background-color:rgba(0, 0, 0, 0)\" class=\"has-inline-color has-ast-global-color-0-color\"><em>Rolle Wienke<\/em><\/mark><\/strong><\/p>\n\n\n\n<p><em>M\u00e4dchen, 7-9 Jahre, bis zu 1,40 m<\/em><\/p>\n\n\n\n<p><em>kleine Sprechrolle<\/em><\/p>\n\n\n\n<p><\/p>\n\n\n\n<p>Workshops: ab April 2026<\/p>\n\n\n\n<p>Spielzeit: 30. Mai &#8211; 30. August 2026<\/p>\n\n\n\n<p>Aus organisatorischen Gr\u00fcnden ist eine Teilnahme am Musical nur m\u00f6glich, wenn die Anfahrt nach Fulda maximal 90 Minuten betr\u00e4gt. Theatererfahrung wird nicht vorausgesetzt.<\/p>\n\n\n\n<h3 class=\"wp-block-heading\">Castingprozess<\/h3>\n\n\n\n<ol class=\"wp-block-list\">\n<li><strong><mark style=\"background-color:rgba(0, 0, 0, 0)\" class=\"has-inline-color has-ast-global-color-0-color\">Bewerbung einsenden<\/mark><\/strong>\n<ul class=\"wp-block-list\">\n<li>F\u00fcllt bis zum <strong>17. Dezember 2025<\/strong> das Bewerbungsformular aus und ladet ein aktuelles Foto hoch. (Bitte beachtet, dass keine Kopfbedeckungen oder Sonnebrillen den Kopf verdecken.)<\/li>\n<\/ul>\n<\/li>\n\n\n\n<li><strong><mark style=\"background-color:rgba(0, 0, 0, 0)\" class=\"has-inline-color has-ast-global-color-0-color\">Videocasting<\/mark><\/strong>\n<ul class=\"wp-block-list\">\n<li>Die erste Castingrunde erfolgt in Form eines Videocastings. Hierzu erhalten alle ausgew\u00e4hlten Kinder nach Ende der Bewerbungsfrist n\u00e4here Informationen. <\/li>\n<\/ul>\n<\/li>\n\n\n\n<li><strong><mark style=\"background-color:rgba(0, 0, 0, 0)\" class=\"has-inline-color has-ast-global-color-0-color\">Pr\u00e4senzcasting<\/mark><\/strong>\n<ul class=\"wp-block-list\">\n<li>Die zweite Castingrunde findet f\u00fcr die nach dem Videocasting ausgew\u00e4hlten Kinder am <strong>20. Februar 2026 <\/strong>in Fulda statt.<\/li>\n<\/ul>\n<\/li>\n<\/ol>\n\n\n\n<p>Bei Fragen oder Problemen k\u00f6nnt ihr euch per E-Mail an casting[at]spotlight-musicals.de wenden oder uns telefonisch unter 0661 25008090 erreichen. <\/p>\n\n\n\n<p>Sobald euer Bewerbungsformular erfolgreich versendet wurde, erhaltet ihr eine Best\u00e4tigungsmail.<br><\/p>\n\n\n\n\n\n<p><mark style=\"background-color:rgba(0, 0, 0, 0);color:#cf2e2e\" class=\"has-inline-color\"><strong>Die Bewerbungsphase ist beendet. Alle Bewerber*innen erhalten in K\u00fcrze per E-Mail eine R\u00fcckmeldung.<\/strong><\/mark><\/p>\n","protected":false},"excerpt":{"rendered":"<p>F\u00fcr die Weltpremiere von &#8222;Der Schimmelreiter &#8211; Das Mystery-Musical&#8220; werden Jungen und M\u00e4dchen gesucht, die beim Musicalsommer Fulda 2026 Theaterluft [&hellip;]<\/p>\n","protected":false},"author":5,"featured_media":13989,"comment_status":"closed","ping_status":"closed","sticky":false,"template":"","format":"standard","meta":{"_acf_changed":false,"inline_featured_image":false,"advgb_blocks_editor_width":"","advgb_blocks_columns_visual_guide":"","site-sidebar-layout":"default","site-content-layout":"","ast-site-content-layout":"default","site-content-style":"default","site-sidebar-style":"default","ast-global-header-display":"","ast-banner-title-visibility":"","ast-main-header-display":"","ast-hfb-above-header-display":"","ast-hfb-below-header-display":"","ast-hfb-mobile-header-display":"","site-post-title":"","ast-breadcrumbs-content":"","ast-featured-img":"","footer-sml-layout":"","ast-disable-related-posts":"","theme-transparent-header-meta":"","adv-header-id-meta":"","stick-header-meta":"","header-above-stick-meta":"","header-main-stick-meta":"","header-below-stick-meta":"","astra-migrate-meta-layouts":"default","ast-page-background-enabled":"default","ast-page-background-meta":{"desktop":{"background-color":"var(--ast-global-color-4)","background-image":"","background-repeat":"repeat","background-position":"center center","background-size":"auto","background-attachment":"scroll","background-type":"","background-media":"","overlay-type":"","overlay-color":"","overlay-opacity":"","overlay-gradient":""},"tablet":{"background-color":"","background-image":"","background-repeat":"repeat","background-position":"center center","background-size":"auto","background-attachment":"scroll","background-type":"","background-media":"","overlay-type":"","overlay-color":"","overlay-opacity":"","overlay-gradient":""},"mobile":{"background-color":"","background-image":"","background-repeat":"repeat","background-position":"center center","background-size":"auto","background-attachment":"scroll","background-type":"","background-media":"","overlay-type":"","overlay-color":"","overlay-opacity":"","overlay-gradient":""}},"ast-content-background-meta":{"desktop":{"background-color":"var(--ast-global-color-5)","background-image":"","background-repeat":"repeat","background-position":"center center","background-size":"auto","background-attachment":"scroll","background-type":"","background-media":"","overlay-type":"","overlay-color":"","overlay-opacity":"","overlay-gradient":""},"tablet":{"background-color":"var(--ast-global-color-5)","background-image":"","background-repeat":"repeat","background-position":"center center","background-size":"auto","background-attachment":"scroll","background-type":"","background-media":"","overlay-type":"","overlay-color":"","overlay-opacity":"","overlay-gradient":""},"mobile":{"background-color":"var(--ast-global-color-5)","background-image":"","background-repeat":"repeat","background-position":"center center","background-size":"auto","background-attachment":"scroll","background-type":"","background-media":"","overlay-type":"","overlay-color":"","overlay-opacity":"","overlay-gradient":""}},"footnotes":""},"categories":[1],"tags":[54,53,56,55,57],"class_list":["post-13982","post","type-post","status-publish","has-post-thumbnail","hentry","category-uncategorized","tag-der-schimmelreiter","tag-kindercasting","tag-kinderrollen","tag-musical-fulda","tag-theaterrollen-fuer-kinder"],"acf":[],"yoast_head":"<!-- This site is optimized with the Yoast SEO plugin v26.6 - https:\/\/yoast.com\/wordpress\/plugins\/seo\/ -->\n<title>Kindercasting &quot;Der Schimmelreiter&quot; - spotlight musicals<\/title>\n<meta name=\"robots\" content=\"index, follow, max-snippet:-1, max-image-preview:large, max-video-preview:-1\" \/>\n<link rel=\"canonical\" href=\"https:\/\/spotlight-musicals.de\/en\/childrens-casting-of-the-mold-riders\/\" \/>\n<meta property=\"og:locale\" content=\"en_US\" \/>\n<meta property=\"og:type\" content=\"article\" \/>\n<meta property=\"og:title\" content=\"Kindercasting &quot;Der Schimmelreiter&quot; - spotlight musicals\" \/>\n<meta property=\"og:description\" content=\"F\u00fcr die Weltpremiere von &#8222;Der Schimmelreiter &#8211; Das Mystery-Musical&#8220; werden Jungen und M\u00e4dchen gesucht, die beim Musicalsommer Fulda 2026 Theaterluft [&hellip;]\" \/>\n<meta property=\"og:url\" content=\"https:\/\/spotlight-musicals.de\/en\/childrens-casting-of-the-mold-riders\/\" \/>\n<meta property=\"og:site_name\" content=\"spotlight musicals\" \/>\n<meta property=\"article:publisher\" content=\"https:\/\/www.facebook.com\/musicals.spotlight\/\" \/>\n<meta property=\"article:published_time\" content=\"2025-11-17T09:20:00+00:00\" \/>\n<meta property=\"article:modified_time\" content=\"2026-04-02T13:29:48+00:00\" \/>\n<meta property=\"og:image\" content=\"https:\/\/spotlight-musicals.de\/wp-content\/uploads\/2025\/11\/header-3-scaled.webp\" \/>\n\t<meta property=\"og:image:width\" content=\"2560\" \/>\n\t<meta property=\"og:image:height\" content=\"1658\" \/>\n\t<meta property=\"og:image:type\" content=\"image\/webp\" \/>\n<meta name=\"author\" content=\"Maria M\u00fcller\" \/>\n<meta name=\"twitter:card\" content=\"summary_large_image\" \/>\n<script type=\"application\/ld+json\" class=\"yoast-schema-graph\">{\"@context\":\"https:\/\/schema.org\",\"@graph\":[{\"@type\":\"Article\",\"@id\":\"https:\/\/spotlight-musicals.de\/kindercasting-der-schimmelreiter\/#article\",\"isPartOf\":{\"@id\":\"https:\/\/spotlight-musicals.de\/kindercasting-der-schimmelreiter\/\"},\"author\":{\"name\":\"Maria M\u00fcller\",\"@id\":\"https:\/\/spotlight-musicals.de\/#\/schema\/person\/87fd9a97bd220edfa7f5d42eccc49b01\"},\"headline\":\"Kindercasting &#8222;Der Schimmelreiter&#8220;\",\"datePublished\":\"2025-11-17T09:20:00+00:00\",\"dateModified\":\"2026-04-02T13:29:48+00:00\",\"mainEntityOfPage\":{\"@id\":\"https:\/\/spotlight-musicals.de\/kindercasting-der-schimmelreiter\/\"},\"wordCount\":210,\"publisher\":{\"@id\":\"https:\/\/spotlight-musicals.de\/#organization\"},\"image\":{\"@id\":\"https:\/\/spotlight-musicals.de\/kindercasting-der-schimmelreiter\/#primaryimage\"},\"thumbnailUrl\":\"https:\/\/spotlight-musicals.de\/wp-content\/uploads\/2025\/11\/header-3-scaled.webp\",\"keywords\":[\"der schimmelreiter\",\"kindercasting\",\"kinderrollen\",\"musical fulda\",\"theaterrollen f\u00fcr kinder\"],\"inLanguage\":\"en-US\"},{\"@type\":\"WebPage\",\"@id\":\"https:\/\/spotlight-musicals.de\/kindercasting-der-schimmelreiter\/\",\"url\":\"https:\/\/spotlight-musicals.de\/kindercasting-der-schimmelreiter\/\",\"name\":\"Kindercasting \\\"Der Schimmelreiter\\\" - spotlight musicals\",\"isPartOf\":{\"@id\":\"https:\/\/spotlight-musicals.de\/#website\"},\"primaryImageOfPage\":{\"@id\":\"https:\/\/spotlight-musicals.de\/kindercasting-der-schimmelreiter\/#primaryimage\"},\"image\":{\"@id\":\"https:\/\/spotlight-musicals.de\/kindercasting-der-schimmelreiter\/#primaryimage\"},\"thumbnailUrl\":\"https:\/\/spotlight-musicals.de\/wp-content\/uploads\/2025\/11\/header-3-scaled.webp\",\"datePublished\":\"2025-11-17T09:20:00+00:00\",\"dateModified\":\"2026-04-02T13:29:48+00:00\",\"breadcrumb\":{\"@id\":\"https:\/\/spotlight-musicals.de\/kindercasting-der-schimmelreiter\/#breadcrumb\"},\"inLanguage\":\"en-US\",\"potentialAction\":[{\"@type\":\"ReadAction\",\"target\":[\"https:\/\/spotlight-musicals.de\/kindercasting-der-schimmelreiter\/\"]}]},{\"@type\":\"ImageObject\",\"inLanguage\":\"en-US\",\"@id\":\"https:\/\/spotlight-musicals.de\/kindercasting-der-schimmelreiter\/#primaryimage\",\"url\":\"https:\/\/spotlight-musicals.de\/wp-content\/uploads\/2025\/11\/header-3-scaled.webp\",\"contentUrl\":\"https:\/\/spotlight-musicals.de\/wp-content\/uploads\/2025\/11\/header-3-scaled.webp\",\"width\":2560,\"height\":1658,\"caption\":\"header 3\"},{\"@type\":\"BreadcrumbList\",\"@id\":\"https:\/\/spotlight-musicals.de\/kindercasting-der-schimmelreiter\/#breadcrumb\",\"itemListElement\":[{\"@type\":\"ListItem\",\"position\":1,\"name\":\"Home\",\"item\":\"https:\/\/spotlight-musicals.de\/\"},{\"@type\":\"ListItem\",\"position\":2,\"name\":\"Kindercasting &#8222;Der Schimmelreiter&#8220;\"}]},{\"@type\":\"WebSite\",\"@id\":\"https:\/\/spotlight-musicals.de\/#website\",\"url\":\"https:\/\/spotlight-musicals.de\/\",\"name\":\"spotlight musicals\",\"description\":\"\",\"publisher\":{\"@id\":\"https:\/\/spotlight-musicals.de\/#organization\"},\"potentialAction\":[{\"@type\":\"SearchAction\",\"target\":{\"@type\":\"EntryPoint\",\"urlTemplate\":\"https:\/\/spotlight-musicals.de\/?s={search_term_string}\"},\"query-input\":{\"@type\":\"PropertyValueSpecification\",\"valueRequired\":true,\"valueName\":\"search_term_string\"}}],\"inLanguage\":\"en-US\"},{\"@type\":\"Organization\",\"@id\":\"https:\/\/spotlight-musicals.de\/#organization\",\"name\":\"Spotlight Musicals\",\"url\":\"https:\/\/spotlight-musicals.de\/\",\"logo\":{\"@type\":\"ImageObject\",\"inLanguage\":\"en-US\",\"@id\":\"https:\/\/spotlight-musicals.de\/#\/schema\/logo\/image\/\",\"url\":\"https:\/\/spotlight-musicals.de\/wp-content\/uploads\/2024\/11\/spotlight-musicals-logo.svg\",\"contentUrl\":\"https:\/\/spotlight-musicals.de\/wp-content\/uploads\/2024\/11\/spotlight-musicals-logo.svg\",\"width\":143,\"height\":53,\"caption\":\"Spotlight Musicals\"},\"image\":{\"@id\":\"https:\/\/spotlight-musicals.de\/#\/schema\/logo\/image\/\"},\"sameAs\":[\"https:\/\/www.facebook.com\/musicals.spotlight\/\",\"https:\/\/www.instagram.com\/spotlight.musicals\/\",\"https:\/\/open.spotify.com\/intl-de\/artist\/2wfaQfo2GpmEDdHtCDtUH6?si=2lyfgwH7Q4C4bvEwhuTDug\",\"https:\/\/www.youtube.com\/@spotlightmusical\"]},{\"@type\":\"Person\",\"@id\":\"https:\/\/spotlight-musicals.de\/#\/schema\/person\/87fd9a97bd220edfa7f5d42eccc49b01\",\"name\":\"Maria M\u00fcller\"}]}<\/script>\n<!-- \/ Yoast SEO plugin. -->","yoast_head_json":{"title":"Children's casting \"Der Schimmelreiter\" - spotlight musicals","robots":{"index":"index","follow":"follow","max-snippet":"max-snippet:-1","max-image-preview":"max-image-preview:large","max-video-preview":"max-video-preview:-1"},"canonical":"https:\/\/spotlight-musicals.de\/en\/childrens-casting-of-the-mold-riders\/","og_locale":"en_US","og_type":"article","og_title":"Kindercasting \"Der Schimmelreiter\" - spotlight musicals","og_description":"F\u00fcr die Weltpremiere von &#8222;Der Schimmelreiter &#8211; Das Mystery-Musical&#8220; werden Jungen und M\u00e4dchen gesucht, die beim Musicalsommer Fulda 2026 Theaterluft [&hellip;]","og_url":"https:\/\/spotlight-musicals.de\/en\/childrens-casting-of-the-mold-riders\/","og_site_name":"spotlight musicals","article_publisher":"https:\/\/www.facebook.com\/musicals.spotlight\/","article_published_time":"2025-11-17T09:20:00+00:00","article_modified_time":"2026-04-02T13:29:48+00:00","og_image":[{"width":2560,"height":1658,"url":"https:\/\/spotlight-musicals.de\/wp-content\/uploads\/2025\/11\/header-3-scaled.webp","type":"image\/webp"}],"author":"Maria M\u00fcller","twitter_card":"summary_large_image","schema":{"@context":"https:\/\/schema.org","@graph":[{"@type":"Article","@id":"https:\/\/spotlight-musicals.de\/kindercasting-der-schimmelreiter\/#article","isPartOf":{"@id":"https:\/\/spotlight-musicals.de\/kindercasting-der-schimmelreiter\/"},"author":{"name":"Maria M\u00fcller","@id":"https:\/\/spotlight-musicals.de\/#\/schema\/person\/87fd9a97bd220edfa7f5d42eccc49b01"},"headline":"Kindercasting &#8222;Der Schimmelreiter&#8220;","datePublished":"2025-11-17T09:20:00+00:00","dateModified":"2026-04-02T13:29:48+00:00","mainEntityOfPage":{"@id":"https:\/\/spotlight-musicals.de\/kindercasting-der-schimmelreiter\/"},"wordCount":210,"publisher":{"@id":"https:\/\/spotlight-musicals.de\/#organization"},"image":{"@id":"https:\/\/spotlight-musicals.de\/kindercasting-der-schimmelreiter\/#primaryimage"},"thumbnailUrl":"https:\/\/spotlight-musicals.de\/wp-content\/uploads\/2025\/11\/header-3-scaled.webp","keywords":["der schimmelreiter","kindercasting","kinderrollen","musical fulda","theaterrollen f\u00fcr kinder"],"inLanguage":"en-US"},{"@type":"WebPage","@id":"https:\/\/spotlight-musicals.de\/kindercasting-der-schimmelreiter\/","url":"https:\/\/spotlight-musicals.de\/kindercasting-der-schimmelreiter\/","name":"Children's casting \"Der Schimmelreiter\" - spotlight musicals","isPartOf":{"@id":"https:\/\/spotlight-musicals.de\/#website"},"primaryImageOfPage":{"@id":"https:\/\/spotlight-musicals.de\/kindercasting-der-schimmelreiter\/#primaryimage"},"image":{"@id":"https:\/\/spotlight-musicals.de\/kindercasting-der-schimmelreiter\/#primaryimage"},"thumbnailUrl":"https:\/\/spotlight-musicals.de\/wp-content\/uploads\/2025\/11\/header-3-scaled.webp","datePublished":"2025-11-17T09:20:00+00:00","dateModified":"2026-04-02T13:29:48+00:00","breadcrumb":{"@id":"https:\/\/spotlight-musicals.de\/kindercasting-der-schimmelreiter\/#breadcrumb"},"inLanguage":"en-US","potentialAction":[{"@type":"ReadAction","target":["https:\/\/spotlight-musicals.de\/kindercasting-der-schimmelreiter\/"]}]},{"@type":"ImageObject","inLanguage":"en-US","@id":"https:\/\/spotlight-musicals.de\/kindercasting-der-schimmelreiter\/#primaryimage","url":"https:\/\/spotlight-musicals.de\/wp-content\/uploads\/2025\/11\/header-3-scaled.webp","contentUrl":"https:\/\/spotlight-musicals.de\/wp-content\/uploads\/2025\/11\/header-3-scaled.webp","width":2560,"height":1658,"caption":"header 3"},{"@type":"BreadcrumbList","@id":"https:\/\/spotlight-musicals.de\/kindercasting-der-schimmelreiter\/#breadcrumb","itemListElement":[{"@type":"ListItem","position":1,"name":"Home","item":"https:\/\/spotlight-musicals.de\/"},{"@type":"ListItem","position":2,"name":"Kindercasting &#8222;Der Schimmelreiter&#8220;"}]},{"@type":"WebSite","@id":"https:\/\/spotlight-musicals.de\/#website","url":"https:\/\/spotlight-musicals.de\/","name":"spotlight musicals","description":"","publisher":{"@id":"https:\/\/spotlight-musicals.de\/#organization"},"potentialAction":[{"@type":"SearchAction","target":{"@type":"EntryPoint","urlTemplate":"https:\/\/spotlight-musicals.de\/?s={search_term_string}"},"query-input":{"@type":"PropertyValueSpecification","valueRequired":true,"valueName":"search_term_string"}}],"inLanguage":"en-US"},{"@type":"Organization","@id":"https:\/\/spotlight-musicals.de\/#organization","name":"Spotlight Musicals","url":"https:\/\/spotlight-musicals.de\/","logo":{"@type":"ImageObject","inLanguage":"en-US","@id":"https:\/\/spotlight-musicals.de\/#\/schema\/logo\/image\/","url":"https:\/\/spotlight-musicals.de\/wp-content\/uploads\/2024\/11\/spotlight-musicals-logo.svg","contentUrl":"https:\/\/spotlight-musicals.de\/wp-content\/uploads\/2024\/11\/spotlight-musicals-logo.svg","width":143,"height":53,"caption":"Spotlight Musicals"},"image":{"@id":"https:\/\/spotlight-musicals.de\/#\/schema\/logo\/image\/"},"sameAs":["https:\/\/www.facebook.com\/musicals.spotlight\/","https:\/\/www.instagram.com\/spotlight.musicals\/","https:\/\/open.spotify.com\/intl-de\/artist\/2wfaQfo2GpmEDdHtCDtUH6?si=2lyfgwH7Q4C4bvEwhuTDug","https:\/\/www.youtube.com\/@spotlightmusical"]},{"@type":"Person","@id":"https:\/\/spotlight-musicals.de\/#\/schema\/person\/87fd9a97bd220edfa7f5d42eccc49b01","name":"Maria M\u00fcller"}]}},"author_meta":{"display_name":"Maria M\u00fcller","author_link":"https:\/\/spotlight-musicals.de\/en\/author\/maria\/"},"featured_img":"https:\/\/spotlight-musicals.de\/wp-content\/uploads\/2025\/11\/header-3-300x194.webp","coauthors":[],"tax_additional":{"categories":{"linked":["<a href=\"https:\/\/spotlight-musicals.de\/en\/category\/uncategorized\/\" class=\"advgb-post-tax-term\">Uncategorized<\/a>"],"unlinked":["<span class=\"advgb-post-tax-term\">Uncategorized<\/span>"]},"tags":{"linked":["<a href=\"https:\/\/spotlight-musicals.de\/en\/category\/uncategorized\/\" class=\"advgb-post-tax-term\">der schimmelreiter<\/a>","<a href=\"https:\/\/spotlight-musicals.de\/en\/category\/uncategorized\/\" class=\"advgb-post-tax-term\">kindercasting<\/a>","<a href=\"https:\/\/spotlight-musicals.de\/en\/category\/uncategorized\/\" class=\"advgb-post-tax-term\">kinderrollen<\/a>","<a href=\"https:\/\/spotlight-musicals.de\/en\/category\/uncategorized\/\" class=\"advgb-post-tax-term\">musical fulda<\/a>","<a href=\"https:\/\/spotlight-musicals.de\/en\/category\/uncategorized\/\" class=\"advgb-post-tax-term\">theaterrollen f\u00fcr kinder<\/a>"],"unlinked":["<span class=\"advgb-post-tax-term\">der schimmelreiter<\/span>","<span class=\"advgb-post-tax-term\">kindercasting<\/span>","<span class=\"advgb-post-tax-term\">kinderrollen<\/span>","<span class=\"advgb-post-tax-term\">musical fulda<\/span>","<span class=\"advgb-post-tax-term\">theaterrollen f\u00fcr kinder<\/span>"]}},"comment_count":0,"relative_dates":{"created":"Posted 6 months ago","modified":"Updated 1 month ago"},"absolute_dates":{"created":"Posted on 17. November 2025","modified":"Updated on 2. April 2026"},"absolute_dates_time":{"created":"Posted on 17. November 2025 10:20","modified":"Updated on 2. April 2026 14:29"},"featured_img_caption":"","series_order":"","_links":{"self":[{"href":"https:\/\/spotlight-musicals.de\/en\/wp-json\/wp\/v2\/posts\/13982","targetHints":{"allow":["GET"]}}],"collection":[{"href":"https:\/\/spotlight-musicals.de\/en\/wp-json\/wp\/v2\/posts"}],"about":[{"href":"https:\/\/spotlight-musicals.de\/en\/wp-json\/wp\/v2\/types\/post"}],"author":[{"embeddable":true,"href":"https:\/\/spotlight-musicals.de\/en\/wp-json\/wp\/v2\/users\/5"}],"replies":[{"embeddable":true,"href":"https:\/\/spotlight-musicals.de\/en\/wp-json\/wp\/v2\/comments?post=13982"}],"version-history":[{"count":16,"href":"https:\/\/spotlight-musicals.de\/en\/wp-json\/wp\/v2\/posts\/13982\/revisions"}],"predecessor-version":[{"id":15343,"href":"https:\/\/spotlight-musicals.de\/en\/wp-json\/wp\/v2\/posts\/13982\/revisions\/15343"}],"wp:featuredmedia":[{"embeddable":true,"href":"https:\/\/spotlight-musicals.de\/en\/wp-json\/wp\/v2\/media\/13989"}],"wp:attachment":[{"href":"https:\/\/spotlight-musicals.de\/en\/wp-json\/wp\/v2\/media?parent=13982"}],"wp:term":[{"taxonomy":"category","embeddable":true,"href":"https:\/\/spotlight-musicals.de\/en\/wp-json\/wp\/v2\/categories?post=13982"},{"taxonomy":"post_tag","embeddable":true,"href":"https:\/\/spotlight-musicals.de\/en\/wp-json\/wp\/v2\/tags?post=13982"}],"curies":[{"name":"wp","href":"https:\/\/api.w.org\/{rel}","templated":true}]}}